{"id":495,"date":"2013-05-29T12:14:24","date_gmt":"2013-05-29T12:14:24","guid":{"rendered":"http:\/\/gott-ist-mit-uns.de\/blog\/?p=495"},"modified":"2013-06-25T10:51:45","modified_gmt":"2013-06-25T10:51:45","slug":"auseres-und-inneres-schweigen","status":"publish","type":"post","link":"https:\/\/gott-ist-mit-uns.de\/blog\/?p=495","title":{"rendered":"\u00c4u\u00dferes und inneres Schweigen!!!"},"content":{"rendered":"<p><a href=\"https:\/\/gott-ist-mit-uns.de\/blog\/wp-content\/uploads\/2013\/05\/Asencion.jpg\"><img loading=\"lazy\" decoding=\"async\" class=\"alignleft size-medium wp-image-496\" alt=\"Asencion\" src=\"https:\/\/gott-ist-mit-uns.de\/blog\/wp-content\/uploads\/2013\/05\/Asencion-225x300.jpg\" width=\"225\" height=\"300\" srcset=\"https:\/\/gott-ist-mit-uns.de\/blog\/wp-content\/uploads\/2013\/05\/Asencion-225x300.jpg 225w, https:\/\/gott-ist-mit-uns.de\/blog\/wp-content\/uploads\/2013\/05\/Asencion.jpg 301w\" sizes=\"auto, (max-width: 225px) 100vw, 225px\" \/><\/a><strong>Das \u00e4u\u00dfere Schweigen kann ich ein\u00fcben, wenn ich den festen Willen habe kann ich es erlernen. Es ist nicht allzu schwer den Mund zu halten.<\/strong><\/p>\n<p><strong>Das innere Schweigen ist etwas besonderes, es kann nicht einfach erlernt werden. Mein Verstand hat bestimmte Vorstellungen und die Gedanken lassen sich schwer einfangen, sie bel\u00e4stigen mich st\u00e4ndig, sie sind oft wie ein Wirbelsturm. Um diese St\u00fcrme zum Schweigen zu bringen, reichen meine Kr\u00e4fte nicht aus, auch wenn ich mich noch so sehr anstrenge. Dazu braucht es die m\u00e4chtige Kraft von oben, denn es ist absolut reine Gnade, nichts als Gnade, von Seiner Majest\u00e4t geschenkt, dies kann wahrhaftig nur von Gott allein gegeben werden. Aber ich kann etwas sehr wertvolles dazu beitragen, indem ich darum bete, um mit dieser Kraft von oben ausgestattet zu werden. Aus mir selbst kann ich das nicht machen, es ist Gottes Geschenk und Er schenkt es wie und wo und wann Er will.<\/strong><\/p>\n<p><strong>Jesus selbst hat in Seinem Liebesbrief gesagt:\u00a0 <a title=\"Mt. 7\/7-8;\" href=\"http:\/\/vulgata.info\/index.php\/Kategorie:BIBLIA_SACRA:NT:Mt07http:\/\/\">Mt. 7\/7-8;<br \/>\n<\/a>Bittet, und es wird euch gegeben werden; suchet, und ihr werdet finden; klopfet an, und es wird euch aufgetan werden.<\/strong><br \/>\n<strong> [<i><a title=\"Kategorie:BIBLIA SACRA:NT:Mt21\" href=\"http:\/\/vulgata.info\/index.php\/Kategorie:BIBLIA_SACRA:NT:Mt21\">Mt21,22<\/a>, <a title=\"Kategorie:BIBLIA SACRA:NT:Mk11\" href=\"http:\/\/vulgata.info\/index.php\/Kategorie:BIBLIA_SACRA:NT:Mk11\">Mk 11,24<\/a>, <a title=\"Kategorie:BIBLIA SACRA:NT:Lk11\" href=\"http:\/\/vulgata.info\/index.php\/Kategorie:BIBLIA_SACRA:NT:Lk11\">Lk 11,9<\/a>, <a title=\"Kategorie:BIBLIA SACRA:NT:Joh14\" href=\"http:\/\/vulgata.info\/index.php\/Kategorie:BIBLIA_SACRA:NT:Joh14\">Joh 14,13<\/a>, <a title=\"Kategorie:BIBLIA SACRA:NT:Jak01\" href=\"http:\/\/vulgata.info\/index.php\/Kategorie:BIBLIA_SACRA:NT:Jak01\">Jak 1,6<\/a><\/i>]<\/strong><br \/>\n<strong> Denn ein jeder, der bittet, der empf\u00e4ngt;<sup>8<\/sup> und wer suchet, findet; und dem, der anklopft, wird aufgetan werden.<\/strong><\/p>\n<p><strong>Das t\u00e4gliche Gebet ist die wichtigste Verbindung zu Gott, es ist eine Notwendigkeit, ohne die ich nicht gl\u00fccklich werden kann. Nur durch das Gebet erhalte ich Kraft und St\u00e4rke von Gott.<\/strong><\/p>\n<p><strong><a title=\"Luk. 10\/38-42;\" href=\"http:\/\/vulgata.info\/index.php\/Kategorie:BIBLIA_SACRA:NT:Lk10http:\/\/\">[Luk. 10\/38-42;]<br \/>\n<\/a>Es geschah aber, als sie dahinzogen, dass er in einen Flecken kam. Da nahm ihn ein Weib, mit Namen Martha, in ihr Herz auf.<\/strong><br \/>\n<strong> Und sie hatte eine Schwester, die Maria hie\u00df. Diese setzte sich zu den F\u00fc\u00dfen des Herrn, und h\u00f6rte seinem Worte zu.<\/strong><br \/>\n<strong> Martha aber machte sich viel zu schaffen, um ihn mannigfach zu bedienen,und sie trat hinzu, und sprach: Herr! K\u00fcmmert es dich nicht, dass meine Schwester mich allein gelassen hat zur Bedienung? Sage ihr doch, dass sie mir helfe!<\/strong><br \/>\n<strong> Und der Herr antwortete, und sprach zu ihr: Martha, Martha! Du machst dir Sorge und Unruhe um sehr viele Dinge.<\/strong><br \/>\n<strong> Eines nur ist notwendig. Maria hat den besten Teil erw\u00e4hlt, der ihr nicht wird genommen werden.<\/strong><br \/>\n<strong> <a href=\"https:\/\/gott-ist-mit-uns.de\/blog\/wp-content\/uploads\/2013\/05\/3151852695225714e06.jpg\"><img loading=\"lazy\" decoding=\"async\" class=\"alignleft size-medium wp-image-497\" alt=\"3151852695225714e06\" src=\"https:\/\/gott-ist-mit-uns.de\/blog\/wp-content\/uploads\/2013\/05\/3151852695225714e06-169x300.jpg\" width=\"169\" height=\"300\" srcset=\"https:\/\/gott-ist-mit-uns.de\/blog\/wp-content\/uploads\/2013\/05\/3151852695225714e06-169x300.jpg 169w, https:\/\/gott-ist-mit-uns.de\/blog\/wp-content\/uploads\/2013\/05\/3151852695225714e06.jpg 283w\" sizes=\"auto, (max-width: 169px) 100vw, 169px\" \/><\/a>Das was Maria tut, ist f\u00fcr das innere Schweigen das Wichtigste. Ich muss lernen in mein Herz hinein zuh\u00f6ren, zu horchen, was will Gott von mir. Mit den inneren Ohren zu lauschen um Gottes Wirken und\u00a0 das was Gott mir sagen will zu erkennen.<\/strong><br \/>\n<strong> Denn Gott ist deutlich sp\u00fcrbar in mir. Das Gebet hilft mir eine innere von Herzen kommende Vereinigung, so wie Gott es will, zu erfahren. H\u00f6ren auf Gott, Gott zu loben und Ihn zu preisen, IHM f\u00fcr alles zu danken, was er t\u00e4glich f\u00fcr mich Gutes tut und f\u00fcr mich getan hat. Denn der Lobpreis ist unser aller Auftrag, dazu sind wir geschaffen.<\/strong><br \/>\n<strong> Die Freude im Herrn ist meine St\u00e4rke!<\/strong><\/p>\n<p><strong>Das einzig Notwendige ist mein Verh\u00e4ltnis zu Gott, mein ganzes inneres Sein muss auf Gott ausgerichtet werden. Je mehr ich in der Stille bleibe umso mehr kann ich an die Menschen weitergeben, weil Er mich in der Stille verwandelt, mein Herz bereit macht Ihm zu folgen.\u00a0 Follow Me!<\/strong><\/p>\n<p><strong><a title=\"Mt. 18\/2-4;\" href=\"hhttp:\/\/vulgata.info\/index.php\/Kategorie:BIBLIA_SACRA:NT:Mt18ttp:\/\/\">[Mt.18\/2-4]<br \/>\n<\/a>Da rief Jesus ein Kind herbei, stellte es mitten unter sie,<sup>2<\/sup> [<i><a title=\"Kategorie:BIBLIA SACRA:NT:Mt19\" href=\"http:\/\/vulgata.info\/index.php\/Kategorie:BIBLIA_SACRA:NT:Mt19\">Mt 19,14<\/a><\/i>]<\/strong><br \/>\n<strong> und sprach: Wahrlich, ich sage euch, wenn ihr euch nicht bekehret und nicht werdet wie die Kinder,<sup>3<\/sup> werdet ihr nicht in das Himmelreich eingehen!<sup>4<\/sup> [<i><a title=\"Kategorie:BIBLIA SACRA:NT:1Kor14\" href=\"http:\/\/vulgata.info\/index.php\/Kategorie:BIBLIA_SACRA:NT:1Kor14\">1Kor 14,20<\/a><\/i>]<\/strong><br \/>\n<strong> Wer also immer sich verdem\u00fctigt wie dieses Kind, der ist der Gr\u00f6\u00dfere im Himmelreiche.<sup>5<br \/>\n<\/sup><\/strong><\/p>\n<p><strong><a href=\"https:\/\/gott-ist-mit-uns.de\/blog\/wp-content\/uploads\/2013\/05\/Baby-Jesus-Therese.jpg\"><img loading=\"lazy\" decoding=\"async\" class=\"alignleft size-medium wp-image-498\" alt=\"Baby-Jesus-Therese\" src=\"https:\/\/gott-ist-mit-uns.de\/blog\/wp-content\/uploads\/2013\/05\/Baby-Jesus-Therese-208x300.jpg\" width=\"208\" height=\"300\" srcset=\"https:\/\/gott-ist-mit-uns.de\/blog\/wp-content\/uploads\/2013\/05\/Baby-Jesus-Therese-208x300.jpg 208w, https:\/\/gott-ist-mit-uns.de\/blog\/wp-content\/uploads\/2013\/05\/Baby-Jesus-Therese-710x1024.jpg 710w, https:\/\/gott-ist-mit-uns.de\/blog\/wp-content\/uploads\/2013\/05\/Baby-Jesus-Therese.jpg 874w\" sizes=\"auto, (max-width: 208px) 100vw, 208px\" \/><\/a>Wie ein ganz kleines Kind zu Jesus in die Stille kommen, mit blindem Vertrauen, sich in die Arme, in das Herz Gottes fallen lassen. Das Kind sein und das Kleinsein in geistiger Weise, ist die Voraussetzung um eine innige, vertraute Beziehung mit Gott aufzubauen. Ein Kind nimmt die Liebe des Vaters ohne Vorbehalte an, so kann ich Liebe werden. Nicht mit dem Verstand eines Kindes, sondern mit dem aufrichtig, vorurteilslosen, bedingungslos liebenden Herzen eines ganz kleinen Kindes, welches ohne Bosheit ist.<\/strong><\/p>\n<p><sup>\u00a0<\/sup><\/p>\n<p><sup>\u00a0<\/sup><\/p>\n<p><sup>\u00a0<\/sup><\/p>\n<p>&nbsp;<\/p>\n<p>&nbsp;<\/p>\n<p>&nbsp;<\/p>\n<p>&nbsp;<\/p>\n","protected":false},"excerpt":{"rendered":"<p>Das \u00e4u\u00dfere Schweigen kann ich ein\u00fcben, wenn ich den festen Willen habe kann ich es erlernen. Es ist nicht allzu schwer den Mund zu halten. Das innere Schweigen ist etwas besonderes, es kann nicht einfach erlernt werden. Mein Verstand hat bestimmte Vorstellungen und die Gedanken lassen sich schwer einfangen, sie bel\u00e4stigen mich st\u00e4ndig, sie sind [&hellip;]<\/p>\n","protected":false},"author":2,"featured_media":0,"comment_status":"open","ping_status":"closed","sticky":false,"template":"","format":"standard","meta":{"footnotes":""},"categories":[1],"tags":[],"class_list":["post-495","post","type-post","status-publish","format-standard","hentry","category-uncategorized"],"_links":{"self":[{"href":"https:\/\/gott-ist-mit-uns.de\/blog\/index.php?rest_route=\/wp\/v2\/posts\/495","targetHints":{"allow":["GET"]}}],"collection":[{"href":"https:\/\/gott-ist-mit-uns.de\/blog\/index.php?rest_route=\/wp\/v2\/posts"}],"about":[{"href":"https:\/\/gott-ist-mit-uns.de\/blog\/index.php?rest_route=\/wp\/v2\/types\/post"}],"author":[{"embeddable":true,"href":"https:\/\/gott-ist-mit-uns.de\/blog\/index.php?rest_route=\/wp\/v2\/users\/2"}],"replies":[{"embeddable":true,"href":"https:\/\/gott-ist-mit-uns.de\/blog\/index.php?rest_route=%2Fwp%2Fv2%2Fcomments&post=495"}],"version-history":[{"count":8,"href":"https:\/\/gott-ist-mit-uns.de\/blog\/index.php?rest_route=\/wp\/v2\/posts\/495\/revisions"}],"predecessor-version":[{"id":508,"href":"https:\/\/gott-ist-mit-uns.de\/blog\/index.php?rest_route=\/wp\/v2\/posts\/495\/revisions\/508"}],"wp:attachment":[{"href":"https:\/\/gott-ist-mit-uns.de\/blog\/index.php?rest_route=%2Fwp%2Fv2%2Fmedia&parent=495"}],"wp:term":[{"taxonomy":"category","embeddable":true,"href":"https:\/\/gott-ist-mit-uns.de\/blog\/index.php?rest_route=%2Fwp%2Fv2%2Fcategories&post=495"},{"taxonomy":"post_tag","embeddable":true,"href":"https:\/\/gott-ist-mit-uns.de\/blog\/index.php?rest_route=%2Fwp%2Fv2%2Ftags&post=495"}],"curies":[{"name":"wp","href":"https:\/\/api.w.org\/{rel}","templated":true}]}}