{"id":3060,"date":"2017-05-31T12:17:28","date_gmt":"2017-05-31T12:17:28","guid":{"rendered":"http:\/\/gott-ist-mit-uns.de\/blog\/?p=3060"},"modified":"2017-05-31T12:24:33","modified_gmt":"2017-05-31T12:24:33","slug":"heilige-stunde","status":"publish","type":"post","link":"https:\/\/gott-ist-mit-uns.de\/blog\/?p=3060","title":{"rendered":"Heilige Stunde!!!"},"content":{"rendered":"<p><span style=\"color: #0000ff;\">\u00a0<img loading=\"lazy\" decoding=\"async\" class=\"alignleft size-medium wp-image-3041\" src=\"https:\/\/gott-ist-mit-uns.de\/blog\/wp-content\/uploads\/2017\/01\/JesusMargareteMariaAl-200x300.jpg\" alt=\"\" width=\"200\" height=\"300\" srcset=\"https:\/\/gott-ist-mit-uns.de\/blog\/wp-content\/uploads\/2017\/01\/JesusMargareteMariaAl-200x300.jpg 200w, https:\/\/gott-ist-mit-uns.de\/blog\/wp-content\/uploads\/2017\/01\/JesusMargareteMariaAl-100x150.jpg 100w, https:\/\/gott-ist-mit-uns.de\/blog\/wp-content\/uploads\/2017\/01\/JesusMargareteMariaAl.jpg 333w\" sizes=\"auto, (max-width: 200px) 100vw, 200px\" \/>Heilige Stunde!<\/span><br \/>\n<span style=\"color: #0000ff;\"> &#8222;Hier habe ich innerlich mehr gelitten, <\/span><br \/>\n<span style=\"color: #0000ff;\"> als w\u00e4hrend meines ganzen \u00fcbrigen Leidens, <\/span><br \/>\n<span style=\"color: #0000ff;\"> da ich mich g\u00e4nzlich verlassen sah von Himmel <\/span><br \/>\n<span style=\"color: #0000ff;\"> und Erde, <b>beladen mit den S\u00fcnden der ganzen<br \/>\nMenschheit.<br \/>\nSo erschien ich vor der Heiligkeit Gottes, der ohne<br \/>\nR\u00fccksicht auf meine Unschuld in seinem Grimm mich<br \/>\nzermalmte <\/b> und mich den Kelch trinken lie\u00df, der alle <\/span><br \/>\n<span style=\"color: #0000ff;\"> Galle und Bitterkeit seiner gerechten Entr\u00fcstung enthielt; <\/span><br \/>\n<span style=\"color: #0000ff;\"> Er schien des Vaternamens nicht mehr zu gedenken, um <\/span><br \/>\n<span style=\"color: #0000ff;\"> mich seinem gerechten Zorn zu opfern. <\/span><br \/>\n<span style=\"color: #0000ff;\"> Es gibt kein Gesch\u00f6pf, das die Gr\u00f6\u00dfe der Qualen ermessen <\/span><br \/>\n<span style=\"color: #0000ff;\"> kann, die ich damals litt. <\/span><br \/>\n<span style=\"color: #0000ff;\"> <b>Es ist der gleiche Schmerz, den die schuldige Seele empfindet,<br \/>\nwenn sie vor dem Richterstuhl Gottes <\/b>erscheint und von seiner <\/span><br \/>\n<span style=\"color: #0000ff;\"> unendlichen Heiligkeit erdr\u00fcckt, zermalmt und in gerechtem Zorn in <\/span><br \/>\n<span style=\"color: #0000ff;\"> den Abgrund gest\u00fcrzt wird.&#8220;<\/span><br \/>\n<span style=\"color: #0000ff;\"> (Q: Jesus zur hl. Margareta Maria Alacoque)<\/span><\/p>\n","protected":false},"excerpt":{"rendered":"<p>\u00a0Heilige Stunde! &#8222;Hier habe ich innerlich mehr gelitten, als w\u00e4hrend meines ganzen \u00fcbrigen Leidens, da ich mich g\u00e4nzlich verlassen sah von Himmel und Erde, beladen mit den S\u00fcnden der ganzen Menschheit. So erschien ich vor der Heiligkeit Gottes, der ohne R\u00fccksicht auf meine Unschuld in seinem Grimm mich zermalmte und mich den Kelch trinken lie\u00df, [&hellip;]<\/p>\n","protected":false},"author":2,"featured_media":0,"comment_status":"open","ping_status":"closed","sticky":false,"template":"","format":"standard","meta":{"footnotes":""},"categories":[1],"tags":[],"class_list":["post-3060","post","type-post","status-publish","format-standard","hentry","category-uncategorized"],"_links":{"self":[{"href":"https:\/\/gott-ist-mit-uns.de\/blog\/index.php?rest_route=\/wp\/v2\/posts\/3060","targetHints":{"allow":["GET"]}}],"collection":[{"href":"https:\/\/gott-ist-mit-uns.de\/blog\/index.php?rest_route=\/wp\/v2\/posts"}],"about":[{"href":"https:\/\/gott-ist-mit-uns.de\/blog\/index.php?rest_route=\/wp\/v2\/types\/post"}],"author":[{"embeddable":true,"href":"https:\/\/gott-ist-mit-uns.de\/blog\/index.php?rest_route=\/wp\/v2\/users\/2"}],"replies":[{"embeddable":true,"href":"https:\/\/gott-ist-mit-uns.de\/blog\/index.php?rest_route=%2Fwp%2Fv2%2Fcomments&post=3060"}],"version-history":[{"count":4,"href":"https:\/\/gott-ist-mit-uns.de\/blog\/index.php?rest_route=\/wp\/v2\/posts\/3060\/revisions"}],"predecessor-version":[{"id":3065,"href":"https:\/\/gott-ist-mit-uns.de\/blog\/index.php?rest_route=\/wp\/v2\/posts\/3060\/revisions\/3065"}],"wp:attachment":[{"href":"https:\/\/gott-ist-mit-uns.de\/blog\/index.php?rest_route=%2Fwp%2Fv2%2Fmedia&parent=3060"}],"wp:term":[{"taxonomy":"category","embeddable":true,"href":"https:\/\/gott-ist-mit-uns.de\/blog\/index.php?rest_route=%2Fwp%2Fv2%2Fcategories&post=3060"},{"taxonomy":"post_tag","embeddable":true,"href":"https:\/\/gott-ist-mit-uns.de\/blog\/index.php?rest_route=%2Fwp%2Fv2%2Ftags&post=3060"}],"curies":[{"name":"wp","href":"https:\/\/api.w.org\/{rel}","templated":true}]}}