{"id":3027,"date":"2016-12-13T08:22:58","date_gmt":"2016-12-13T08:22:58","guid":{"rendered":"http:\/\/gott-ist-mit-uns.de\/blog\/?p=3027"},"modified":"2016-12-26T21:14:57","modified_gmt":"2016-12-26T21:14:57","slug":"hl-johanna-von-chantal","status":"publish","type":"post","link":"https:\/\/gott-ist-mit-uns.de\/blog\/?p=3027","title":{"rendered":"Hl. JOHANNA VON CHANTAL!!!"},"content":{"rendered":"<p><img loading=\"lazy\" decoding=\"async\" class=\"alignleft size-medium wp-image-3028\" src=\"https:\/\/gott-ist-mit-uns.de\/blog\/wp-content\/uploads\/2016\/12\/800px-JohannavChantal1-300x225.jpg\" alt=\"\" width=\"300\" height=\"225\" srcset=\"https:\/\/gott-ist-mit-uns.de\/blog\/wp-content\/uploads\/2016\/12\/800px-JohannavChantal1-300x225.jpg 300w, https:\/\/gott-ist-mit-uns.de\/blog\/wp-content\/uploads\/2016\/12\/800px-JohannavChantal1-150x113.jpg 150w, https:\/\/gott-ist-mit-uns.de\/blog\/wp-content\/uploads\/2016\/12\/800px-JohannavChantal1.jpg 800w\" sizes=\"auto, (max-width: 300px) 100vw, 300px\" \/> <span style=\"color: #0000ff;\">Hl. JOHANNA VON CHANTAL!<\/span><\/p>\n<p><span style=\"color: #0000ff;\">ORDENSGR\u00dcNDERIN!<\/span><\/p>\n<p><span style=\"color: #0000ff;\">Stark wie der Tod ist die Liebe!<\/span><\/p>\n<p><span style=\"color: #0000ff;\">Eines Tages sprach die hl. Johanna tief bewegt die folgenden Worte, die sofort getreulich aufgezeichnet wurden.: \u201eLiebe T\u00f6chter, die meisten V\u00e4ter und S\u00e4ulen unserer Kirche haben nicht den M\u00e4rtyrertod erlitten. Was meint ihr wohl, warum?\u201c Nachdem jede ihre Meinung gesagt hatte, sprach die heilige Mutter: \u201eIch denke, es geschah, weil es noch ein anderes Martyrium gibt. Man nennt es das Martyrium der Liebe. In ihm erh\u00e4lt Gott das Leben seiner Diener und Dienerinnen, damit sie zu seiner Ehre arbeiten. Dadurch macht er sie dann zu M\u00e4rtyrern und zu Bekennern zugleich.\u201c Sie f\u00fcgte hinzu: \u201eIch wei\u00df, da\u00df die T\u00f6chter der Heimsuchung diesem Martyrium geweiht sind und da\u00df jene von ihnen, wenn Gott will \u2013 die Gl\u00fccklicheren, es durchleiden werden, die darum beten.\u201c<\/span><\/p>\n<p><span style=\"color: #0000ff;\">Als aber eine Schwester fragt, worin denn dieses Martyrium bestehe, antwortetet sie: \u201eSagt ein volles Ja zum Willen Gottes, dann werdet ihr es erfahren. Denn die Gottesliebe dringt mit ihrem Schwert in die geheimsten und innersten Schichten unserer Seele ein und scheidet uns von unserem eigenen Selbst.\u201c<\/span><br \/>\n<span style=\"color: #0000ff;\"> Vergl. Lk. 2\/35; \u201eauch deine eigene Seele wird ein Schwert durchdringen, damit offenbar werden die Gedanken aus vielen Herzen.\u201c<\/span><br \/>\n<span style=\"color: #0000ff;\"> Hebr. 4\/12; \u201eDenn lebendig ist das Wort Gottes, wirksam und sch\u00e4rfer als jedes doppelt geschliffene Schwert; es dringt durch bis zur Trennung von Seele und Geist, von Gelenk und Mark, und ist Richter \u00fcber Gedanken und Regungen des Herzens.\u201c<\/span><\/p>\n<p><span style=\"color: #0000ff;\">\u201eEine Seele, die ich kenne, hat die Liebe so hart von allem, was ihr lieb war, geschieden, wie wenn der Schwertstreich eines Tyrannen ihren Geist vom Leib getrennt h\u00e4tte.\u201c<\/span><br \/>\n<span style=\"color: #0000ff;\"> Wir merkten, da\u00df sie von sich selbst sprach. Als aber eine andere Schwester fragte, wie lange dieses Martyrium dauere, da sagte sie: \u201eVon dem Augenblick, in dem wir uns Gott r\u00fcckhaltlos weihen, bis zum Ende des Lebens. Doch das gilt von den hochherzigen Menschen, die sich nichts vorbehalten und der Liebe treu bleiben. Denn \u00fcber die Schwachen und alle, die nur wenig Liebe und Standhaftigkeit besitzen, will unser Herr das Martyrium nicht kommen lassen. Er l\u00e4\u00dft sie das Leben ihrer Mittelm\u00e4\u00dfigkeit f\u00fchren, damit sie nicht von ihm abirren; denn er tut dem freien Willen niemals Gewalt an.\u201c<\/span><br \/>\n<span style=\"color: #0000ff;\"> Als sie schlie\u00dflich mit der Frage best\u00fcrmt wurde, ob dieses Martyrium der Liebe dem leiblichen gleich sein k\u00f6nne, sagt sie: \u201eLa\u00dft uns nicht die Frage der Gleichwertigkeit untersuchen. Ich glaube allerdings, da\u00df das eine nicht hinter dem anderen zur\u00fccksteht, weil, die Liebe stark ist wie der Tod.<\/span><br \/>\n<span style=\"color: #0000ff;\"> Hld. 8\/6; \u201eLeg mich wie ein Siegel auf dein Herz, wie ein Siegel auf deinen Arm! Denn stark wie der Tod ist die Liebe, die Leidenschaft hart wie die Unterwelt. Ihre Gluten sind Feuergluten, lodernde Blitze.\u201c<\/span><br \/>\n<span style=\"color: #0000ff;\"> Denn die M\u00e4rtyrer der Liebe erleiden in dem Leben, das sie durchhalten m\u00fcssen, tausendfach schwerere Schmerzen, als wenn sie tausend Leben hingeben m\u00fc\u00dften, um das Zeugnis des Glaubens, der Hoffnung und der Liebe abzulegen.\u201c<\/span><br \/>\n<span style=\"color: #0000ff;\"> (Qu: LEKTIONAR, die Feier des Stundengebetes, Advent und Weihnachtszeit, Erste Jahresreihe)<\/span><\/p>\n<p><a href=\"http:\/\/ecclesiaeveritas.net\/index.php?title=Johanna_Franziska_von_Chantal\">http:\/\/ecclesiaeveritas.net\/index.php?title=Johanna_Franziska_von_Chantal<\/a><\/p>\n<p>&nbsp;<\/p>\n","protected":false},"excerpt":{"rendered":"<p>Hl. JOHANNA VON CHANTAL! ORDENSGR\u00dcNDERIN! Stark wie der Tod ist die Liebe! Eines Tages sprach die hl. Johanna tief bewegt die folgenden Worte, die sofort getreulich aufgezeichnet wurden.: \u201eLiebe T\u00f6chter, die meisten V\u00e4ter und S\u00e4ulen unserer Kirche haben nicht den M\u00e4rtyrertod erlitten. Was meint ihr wohl, warum?\u201c Nachdem jede ihre Meinung gesagt hatte, sprach die [&hellip;]<\/p>\n","protected":false},"author":2,"featured_media":0,"comment_status":"open","ping_status":"closed","sticky":false,"template":"","format":"standard","meta":{"footnotes":""},"categories":[1],"tags":[],"class_list":["post-3027","post","type-post","status-publish","format-standard","hentry","category-uncategorized"],"_links":{"self":[{"href":"https:\/\/gott-ist-mit-uns.de\/blog\/index.php?rest_route=\/wp\/v2\/posts\/3027","targetHints":{"allow":["GET"]}}],"collection":[{"href":"https:\/\/gott-ist-mit-uns.de\/blog\/index.php?rest_route=\/wp\/v2\/posts"}],"about":[{"href":"https:\/\/gott-ist-mit-uns.de\/blog\/index.php?rest_route=\/wp\/v2\/types\/post"}],"author":[{"embeddable":true,"href":"https:\/\/gott-ist-mit-uns.de\/blog\/index.php?rest_route=\/wp\/v2\/users\/2"}],"replies":[{"embeddable":true,"href":"https:\/\/gott-ist-mit-uns.de\/blog\/index.php?rest_route=%2Fwp%2Fv2%2Fcomments&post=3027"}],"version-history":[{"count":9,"href":"https:\/\/gott-ist-mit-uns.de\/blog\/index.php?rest_route=\/wp\/v2\/posts\/3027\/revisions"}],"predecessor-version":[{"id":3038,"href":"https:\/\/gott-ist-mit-uns.de\/blog\/index.php?rest_route=\/wp\/v2\/posts\/3027\/revisions\/3038"}],"wp:attachment":[{"href":"https:\/\/gott-ist-mit-uns.de\/blog\/index.php?rest_route=%2Fwp%2Fv2%2Fmedia&parent=3027"}],"wp:term":[{"taxonomy":"category","embeddable":true,"href":"https:\/\/gott-ist-mit-uns.de\/blog\/index.php?rest_route=%2Fwp%2Fv2%2Fcategories&post=3027"},{"taxonomy":"post_tag","embeddable":true,"href":"https:\/\/gott-ist-mit-uns.de\/blog\/index.php?rest_route=%2Fwp%2Fv2%2Ftags&post=3027"}],"curies":[{"name":"wp","href":"https:\/\/api.w.org\/{rel}","templated":true}]}}