{"id":2888,"date":"2016-08-08T07:24:36","date_gmt":"2016-08-08T07:24:36","guid":{"rendered":"http:\/\/gott-ist-mit-uns.de\/blog\/?p=2888"},"modified":"2016-08-08T08:30:28","modified_gmt":"2016-08-08T08:30:28","slug":"gott-ist-die-liebe-3","status":"publish","type":"post","link":"https:\/\/gott-ist-mit-uns.de\/blog\/?p=2888","title":{"rendered":"Gott ist die LIEBE!!!"},"content":{"rendered":"<p><img loading=\"lazy\" decoding=\"async\" class=\"alignleft size-medium wp-image-2902\" src=\"https:\/\/gott-ist-mit-uns.de\/blog\/wp-content\/uploads\/2016\/08\/322px-HeilandvElend-2-161x300.jpg\" alt=\"322px-HeilandvElend\" width=\"161\" height=\"300\" srcset=\"https:\/\/gott-ist-mit-uns.de\/blog\/wp-content\/uploads\/2016\/08\/322px-HeilandvElend-2-161x300.jpg 161w, https:\/\/gott-ist-mit-uns.de\/blog\/wp-content\/uploads\/2016\/08\/322px-HeilandvElend-2-81x150.jpg 81w, https:\/\/gott-ist-mit-uns.de\/blog\/wp-content\/uploads\/2016\/08\/322px-HeilandvElend-2.jpg 322w\" sizes=\"auto, (max-width: 161px) 100vw, 161px\" \/><span style=\"color: #0000ff;\">Jesus ist f\u00fcr uns aus Liebe am Kreuz gestorben, und hat uns mit Seinem Leiden den Himmel ge\u00f6ffnet.<\/span><\/p>\n<p><span style=\"color: #0000ff;\">Denken wir daran, was Jesus f\u00fcr uns gelitten, als Er am \u00d6lberg f\u00fcr uns Blut geschwitzt hat und als Er 3 Stunden allein und verlassen zwischen Himmel und Erde am Kreuz hing. Sein ganzes Leben war eine Aufopferung und S\u00fchne f\u00fcr uns Menschen im Gehorsam zum himmlischen Vater.<\/span><\/p>\n<p><span style=\"color: #0000ff;\">Gott gibt uns die Kraft, die Einsamkeit die wir oftmals erleben, mit Seiner Verlassenheit am Kreuz zu vereinen, ebenso unsere Leiden mit Seinen Leiden zu verbinden.<\/span><\/p>\n<p><span style=\"color: #0000ff;\">Danke Jesus, was Du f\u00fcr uns getan! Wir k\u00f6nnen es Dir nicht genug danken! Am besten k\u00f6nnen wir dem Herrn daf\u00fcr danken indem wir TUN WAS ER UNS SAGT; so erf\u00fcllen wir Seinen Willen!<\/span><br \/>\n<span style=\"color: #0000ff;\"> Allein die Liebe vereint uns mit Gott.<\/span><\/p>\n<p><span style=\"color: #0000ff;\">Mt. 22\/37; Er antwortete ihm: \u00bb\u203aDu sollst den Herrn, deinen Gott, lieben aus deinem ganzen Herzen, deiner ganzen Seele und deinem ganzen Denken\u2039 (5Mos 6,5). Dies ist das gr\u00f6\u00dfte und erste Gebot.<\/span><\/p>\n<p><span style=\"color: #0000ff;\">Sagen wir Gott immer wieder, dass wir Ihn lieben, bis es wie eine Melodie unaufh\u00f6rlich aus unserem Herzen klingt.<\/span><\/p>\n<p><a href=\"https:\/\/www.youtube.com\/watch?v=XBlEnB_KP6Q\">https:\/\/www.youtube.com\/watch?v=XBlEnB_KP6Q<\/a><\/p>\n","protected":false},"excerpt":{"rendered":"<p>Jesus ist f\u00fcr uns aus Liebe am Kreuz gestorben, und hat uns mit Seinem Leiden den Himmel ge\u00f6ffnet. Denken wir daran, was Jesus f\u00fcr uns gelitten, als Er am \u00d6lberg f\u00fcr uns Blut geschwitzt hat und als Er 3 Stunden allein und verlassen zwischen Himmel und Erde am Kreuz hing. Sein ganzes Leben war eine [&hellip;]<\/p>\n","protected":false},"author":2,"featured_media":0,"comment_status":"open","ping_status":"closed","sticky":false,"template":"","format":"video","meta":{"footnotes":""},"categories":[1],"tags":[],"class_list":["post-2888","post","type-post","status-publish","format-video","hentry","category-uncategorized","post_format-post-format-video"],"_links":{"self":[{"href":"https:\/\/gott-ist-mit-uns.de\/blog\/index.php?rest_route=\/wp\/v2\/posts\/2888","targetHints":{"allow":["GET"]}}],"collection":[{"href":"https:\/\/gott-ist-mit-uns.de\/blog\/index.php?rest_route=\/wp\/v2\/posts"}],"about":[{"href":"https:\/\/gott-ist-mit-uns.de\/blog\/index.php?rest_route=\/wp\/v2\/types\/post"}],"author":[{"embeddable":true,"href":"https:\/\/gott-ist-mit-uns.de\/blog\/index.php?rest_route=\/wp\/v2\/users\/2"}],"replies":[{"embeddable":true,"href":"https:\/\/gott-ist-mit-uns.de\/blog\/index.php?rest_route=%2Fwp%2Fv2%2Fcomments&post=2888"}],"version-history":[{"count":11,"href":"https:\/\/gott-ist-mit-uns.de\/blog\/index.php?rest_route=\/wp\/v2\/posts\/2888\/revisions"}],"predecessor-version":[{"id":2904,"href":"https:\/\/gott-ist-mit-uns.de\/blog\/index.php?rest_route=\/wp\/v2\/posts\/2888\/revisions\/2904"}],"wp:attachment":[{"href":"https:\/\/gott-ist-mit-uns.de\/blog\/index.php?rest_route=%2Fwp%2Fv2%2Fmedia&parent=2888"}],"wp:term":[{"taxonomy":"category","embeddable":true,"href":"https:\/\/gott-ist-mit-uns.de\/blog\/index.php?rest_route=%2Fwp%2Fv2%2Fcategories&post=2888"},{"taxonomy":"post_tag","embeddable":true,"href":"https:\/\/gott-ist-mit-uns.de\/blog\/index.php?rest_route=%2Fwp%2Fv2%2Ftags&post=2888"}],"curies":[{"name":"wp","href":"https:\/\/api.w.org\/{rel}","templated":true}]}}