{"id":267,"date":"2012-10-29T20:24:17","date_gmt":"2012-10-29T20:24:17","guid":{"rendered":"http:\/\/gott-ist-mit-uns.de\/blog\/?p=267"},"modified":"2012-11-26T15:36:03","modified_gmt":"2012-11-26T15:36:03","slug":"meine-bilder","status":"publish","type":"post","link":"https:\/\/gott-ist-mit-uns.de\/blog\/?p=267","title":{"rendered":"Mit Jesus, Maria und der Fotokamera unterwegs! Seht selbst was daraus geworden ist! Lasst Euch \u00fcberraschen, es kommt noch mehr! Wenn Ihr die Bilder zweimal anklickt, k\u00f6nnt Ihr den Text im Bild lesen!"},"content":{"rendered":"<p><a href=\"https:\/\/gott-ist-mit-uns.de\/blog\/?attachment_id=289\" rel=\"attachment wp-att-289\"><img loading=\"lazy\" decoding=\"async\" class=\"aligncenter size-medium wp-image-289\" title=\"J\u00e4gersee (A)\" src=\"https:\/\/gott-ist-mit-uns.de\/blog\/wp-content\/uploads\/2012\/10\/J\u00e4gersee-A-300x200.jpg\" alt=\"\" width=\"300\" height=\"200\" srcset=\"https:\/\/gott-ist-mit-uns.de\/blog\/wp-content\/uploads\/2012\/10\/J\u00e4gersee-A-300x200.jpg 300w, https:\/\/gott-ist-mit-uns.de\/blog\/wp-content\/uploads\/2012\/10\/J\u00e4gersee-A.jpg 800w\" sizes=\"auto, (max-width: 300px) 100vw, 300px\" \/><\/a><\/p>\n<p><a title=\"1.Kor. 12\/26;\" href=\"http:\/\/vulgata.info\/index.php\/Kategorie:Vulgata:NT:1Kor12\">[1.Kor. 12\/26]<\/a><\/p>\n<p><strong>Ob nun ein einziges Glied leidet, es leiden mit ihm alle Glieder; oder ob ein einziges Glied verherrlicht wird, es freuen sich mit ihm alle Glieder.<\/strong><\/p>\n<p><strong>Ja, so ist es in unserer Gemeinschaft, Familie der heiligen Herzen Jesu und Mariens. Denn\u00a0 geht es einem von uns nicht gut, helfen wir einander, so gut wir k\u00f6nnen.\u00a0 So teilen wir Freud und Leid miteinander.<\/strong><\/p>\n<p style=\"text-align: center;\"><a href=\"https:\/\/gott-ist-mit-uns.de\/blog\/?attachment_id=278\" rel=\"attachment wp-att-278\"><img loading=\"lazy\" decoding=\"async\" class=\"aligncenter size-medium wp-image-278\" title=\"J\u00e4gersee (2)\" src=\"https:\/\/gott-ist-mit-uns.de\/blog\/wp-content\/uploads\/2012\/10\/J\u00e4gersee-2-300x200.jpg\" alt=\"\" width=\"300\" height=\"200\" srcset=\"https:\/\/gott-ist-mit-uns.de\/blog\/wp-content\/uploads\/2012\/10\/J\u00e4gersee-2-300x200.jpg 300w, https:\/\/gott-ist-mit-uns.de\/blog\/wp-content\/uploads\/2012\/10\/J\u00e4gersee-2.jpg 800w\" sizes=\"auto, (max-width: 300px) 100vw, 300px\" \/><\/a><\/p>\n<p><a title=\"Mk. 14\/3-9;\" href=\"http:\/\/vulgata.info\/index.php\/Kategorie:Vulgata:NT:Mk14\">[Mk. 14\/3-9<\/a>]<\/p>\n<p><strong>Als er in Bethanien war, im Hause Simons des Auss\u00e4tzigen, und zu Tische lag, kam eine Frau mit einem Gef\u00e4\u00df von Alabaster, voll echten, kostbaren Narden\u00f6ls, zerbrach das Gef\u00e4\u00df und go\u00df es \u00fcber sein Haupt. Einige aber sagten unwillig zueinander:\u00a0\u00bbWozu diese Verschwendung des Salb\u00f6ls?\u00a0 Man h\u00e4tte dieses Salb\u00f6l um mehr als dreihundert Denare verkaufen und den Armen geben k\u00f6nnen.\u00ab\u00a0Und sie schalten auf sie.\u00a0 Jesus aber sprach:\u00a0\u00bbLa\u00dft sie! Was kr\u00e4nkt ihr sie? Ein gutes Werk tat sie an mir.\u00a0 Denn allezeit habt ihr die Armen bei euch und k\u00f6nnt, sooft ihr wollt, ihnen Gutes tun; mich aber habt ihr nicht allezeit.\u00a0 Diese tat, was sie konnte; sie salbte schon im Voraus meinen Leib zum Begr\u00e4bnis.\u00a0 Wahrlich, ich sage euch: Wo immer das Evangelium verk\u00fcndet wird auf der ganzen Welt, da wird auch gesagt werden, was sie getan hat, ihr zum Ged\u00e4chtnis.\u00ab<\/strong><\/p>\n<p><strong>Was kann ich Jesus schenken? Mich selber ganz und gar, in der 33t\u00e4gigen Marienweihe \u2013 Ganzhingabe an Gott!<\/strong><br \/>\n<a href=\"http:\/\/br-thomas-apostolat.de\/Katechese\/33tagesweihe.htm\">http:\/\/br-thomas-apostolat.de\/Katechese\/33tagesweihe.htm<\/a><\/p>\n<p><a href=\"https:\/\/gott-ist-mit-uns.de\/blog\/?attachment_id=293\" rel=\"attachment wp-att-293\"><img loading=\"lazy\" decoding=\"async\" class=\"aligncenter size-medium wp-image-293\" title=\"J\u00e4gersee [3]\" src=\"https:\/\/gott-ist-mit-uns.de\/blog\/wp-content\/uploads\/2012\/10\/J\u00e4gersee-3-300x200.jpg\" alt=\"\" width=\"300\" height=\"200\" srcset=\"https:\/\/gott-ist-mit-uns.de\/blog\/wp-content\/uploads\/2012\/10\/J\u00e4gersee-3-300x200.jpg 300w, https:\/\/gott-ist-mit-uns.de\/blog\/wp-content\/uploads\/2012\/10\/J\u00e4gersee-3.jpg 800w\" sizes=\"auto, (max-width: 300px) 100vw, 300px\" \/><\/a><\/p>\n<p><strong>Zu dieser Zeit wurde Moses geboren, und er war auserlesen vor Gott. Drei Monate wurde er gen\u00e4hrt im Hause des Vaters.<\/strong><br \/>\n<a title=\"[Apg. 7\/20]\" href=\"http:\/\/vulgata.info\/index.php\/Kategorie:Vulgata:NT:Apg07\">[Apg. 7\/20]<\/a><\/p>\n<p><strong>Das Volk braucht Menschen, die sich von Gott in den Dienst nehmen lassen. (Papst, Propheten, Werkzeuge, Boten, die der Herr selbst auserw\u00e4hlt). Sie werden von Gott vorbereitet und h\u00f6ren auf Seine Stimme.<\/strong><\/p>\n<p>&nbsp;<\/p>\n","protected":false},"excerpt":{"rendered":"<p>[1.Kor. 12\/26] Ob nun ein einziges Glied leidet, es leiden mit ihm alle Glieder; oder ob ein einziges Glied verherrlicht wird, es freuen sich mit ihm alle Glieder. Ja, so ist es in unserer Gemeinschaft, Familie der heiligen Herzen Jesu und Mariens. Denn\u00a0 geht es einem von uns nicht gut, helfen wir einander, so gut [&hellip;]<\/p>\n","protected":false},"author":2,"featured_media":0,"comment_status":"open","ping_status":"closed","sticky":false,"template":"","format":"standard","meta":{"footnotes":""},"categories":[1],"tags":[],"class_list":["post-267","post","type-post","status-publish","format-standard","hentry","category-uncategorized"],"_links":{"self":[{"href":"https:\/\/gott-ist-mit-uns.de\/blog\/index.php?rest_route=\/wp\/v2\/posts\/267","targetHints":{"allow":["GET"]}}],"collection":[{"href":"https:\/\/gott-ist-mit-uns.de\/blog\/index.php?rest_route=\/wp\/v2\/posts"}],"about":[{"href":"https:\/\/gott-ist-mit-uns.de\/blog\/index.php?rest_route=\/wp\/v2\/types\/post"}],"author":[{"embeddable":true,"href":"https:\/\/gott-ist-mit-uns.de\/blog\/index.php?rest_route=\/wp\/v2\/users\/2"}],"replies":[{"embeddable":true,"href":"https:\/\/gott-ist-mit-uns.de\/blog\/index.php?rest_route=%2Fwp%2Fv2%2Fcomments&post=267"}],"version-history":[{"count":18,"href":"https:\/\/gott-ist-mit-uns.de\/blog\/index.php?rest_route=\/wp\/v2\/posts\/267\/revisions"}],"predecessor-version":[{"id":270,"href":"https:\/\/gott-ist-mit-uns.de\/blog\/index.php?rest_route=\/wp\/v2\/posts\/267\/revisions\/270"}],"wp:attachment":[{"href":"https:\/\/gott-ist-mit-uns.de\/blog\/index.php?rest_route=%2Fwp%2Fv2%2Fmedia&parent=267"}],"wp:term":[{"taxonomy":"category","embeddable":true,"href":"https:\/\/gott-ist-mit-uns.de\/blog\/index.php?rest_route=%2Fwp%2Fv2%2Fcategories&post=267"},{"taxonomy":"post_tag","embeddable":true,"href":"https:\/\/gott-ist-mit-uns.de\/blog\/index.php?rest_route=%2Fwp%2Fv2%2Ftags&post=267"}],"curies":[{"name":"wp","href":"https:\/\/api.w.org\/{rel}","templated":true}]}}