{"id":1516,"date":"2014-09-09T05:00:20","date_gmt":"2014-09-09T05:00:20","guid":{"rendered":"http:\/\/gott-ist-mit-uns.de\/blog\/?p=1516"},"modified":"2014-09-08T19:30:01","modified_gmt":"2014-09-08T19:30:01","slug":"1516","status":"publish","type":"post","link":"https:\/\/gott-ist-mit-uns.de\/blog\/?p=1516","title":{"rendered":"Von zweierlei Betern!!!"},"content":{"rendered":"<p><strong>\u00a0\u00a0\u00a0<a href=\"https:\/\/gott-ist-mit-uns.de\/blog\/wp-content\/uploads\/2014\/09\/KinderKirche01.jpg\"><img loading=\"lazy\" decoding=\"async\" class=\"alignleft size-medium wp-image-1521\" src=\"https:\/\/gott-ist-mit-uns.de\/blog\/wp-content\/uploads\/2014\/09\/KinderKirche01-188x300.jpg\" alt=\"KinderKirche0\" width=\"188\" height=\"300\" srcset=\"https:\/\/gott-ist-mit-uns.de\/blog\/wp-content\/uploads\/2014\/09\/KinderKirche01-188x300.jpg 188w, https:\/\/gott-ist-mit-uns.de\/blog\/wp-content\/uploads\/2014\/09\/KinderKirche01.jpg 314w\" sizes=\"auto, (max-width: 188px) 100vw, 188px\" \/><\/a><a title=\"Luk. 18\/13;\" href=\"http:\/\/vulgata.info\/index.php\/Kategorie:Vulgata:NT:Lk18\">Luk. 18\/13;<\/a><br \/>\n<span style=\"color: #ff6600;\">&#8222;Der Z\u00f6llner aber stand weit zur\u00fcck und wollte nicht einmal die Augen <\/span><br \/>\n<span style=\"color: #ff6600;\"> zum Himmel erheben, sondern schlug an seine Brust und sprach: <\/span><br \/>\n<span style=\"color: #ff6600;\"> Gott, sei mir S\u00fcnder gn\u00e4dig.&#8220;<\/span><br \/>\n<span style=\"color: #ff6600;\">Dieses Sto\u00dfgebet sollten wir jeden Tag beten, und uns an die Brust schlagen: <\/span><span style=\"color: #ff6600;\">O Herr sei mir S\u00fcnder gn\u00e4dig! <\/span><br \/>\n<span style=\"color: #ff6600;\"> Besonders aber dann, wenn wir in Gefahr sind, auf die anderen geringsch\u00e4tzig <\/span><span style=\"color: #ff6600;\">herabzusehen, verlachen oder gar verachten, denn das w\u00e4re ein gro\u00dfer Fehler <\/span><span style=\"color: #ff6600;\">gegen die heilige Demut und s\u00fcndhaft. <\/span><br \/>\n<span style=\"color: #ff6600;\"> Die Demut allein ist im Stande die Schlingen Satans zu \u00fcberwinden. Erst wenn <\/span><span style=\"color: #ff6600;\">wir in der Demut gepr\u00fcft werden, z. B. sich unsere W\u00fcnsche nicht erf\u00fcllen, <\/span><span style=\"color: #ff6600;\">dann wissen wir, dass es uns \u00a0an Demut mangelt.<\/span><br \/>\n<span style=\"color: #ff6600;\"> Ich empfehle uns allen, die Litanei von der christlichen Demut <\/span><br \/>\n<span style=\"color: #ff6600;\"> doch \u00f6fters zu beten.<\/span><\/strong><\/p>\n<p><span style=\"color: #ff6600;\"><b><span style=\"font-size: 14pt;\">\u00a0<\/span><\/b><\/span><\/p>\n","protected":false},"excerpt":{"rendered":"<p>\u00a0\u00a0\u00a0Luk. 18\/13; &#8222;Der Z\u00f6llner aber stand weit zur\u00fcck und wollte nicht einmal die Augen zum Himmel erheben, sondern schlug an seine Brust und sprach: Gott, sei mir S\u00fcnder gn\u00e4dig.&#8220; Dieses Sto\u00dfgebet sollten wir jeden Tag beten, und uns an die Brust schlagen: O Herr sei mir S\u00fcnder gn\u00e4dig! Besonders aber dann, wenn wir in Gefahr [&hellip;]<\/p>\n","protected":false},"author":2,"featured_media":0,"comment_status":"open","ping_status":"closed","sticky":false,"template":"","format":"standard","meta":{"footnotes":""},"categories":[1],"tags":[],"class_list":["post-1516","post","type-post","status-publish","format-standard","hentry","category-uncategorized"],"_links":{"self":[{"href":"https:\/\/gott-ist-mit-uns.de\/blog\/index.php?rest_route=\/wp\/v2\/posts\/1516","targetHints":{"allow":["GET"]}}],"collection":[{"href":"https:\/\/gott-ist-mit-uns.de\/blog\/index.php?rest_route=\/wp\/v2\/posts"}],"about":[{"href":"https:\/\/gott-ist-mit-uns.de\/blog\/index.php?rest_route=\/wp\/v2\/types\/post"}],"author":[{"embeddable":true,"href":"https:\/\/gott-ist-mit-uns.de\/blog\/index.php?rest_route=\/wp\/v2\/users\/2"}],"replies":[{"embeddable":true,"href":"https:\/\/gott-ist-mit-uns.de\/blog\/index.php?rest_route=%2Fwp%2Fv2%2Fcomments&post=1516"}],"version-history":[{"count":4,"href":"https:\/\/gott-ist-mit-uns.de\/blog\/index.php?rest_route=\/wp\/v2\/posts\/1516\/revisions"}],"predecessor-version":[{"id":1522,"href":"https:\/\/gott-ist-mit-uns.de\/blog\/index.php?rest_route=\/wp\/v2\/posts\/1516\/revisions\/1522"}],"wp:attachment":[{"href":"https:\/\/gott-ist-mit-uns.de\/blog\/index.php?rest_route=%2Fwp%2Fv2%2Fmedia&parent=1516"}],"wp:term":[{"taxonomy":"category","embeddable":true,"href":"https:\/\/gott-ist-mit-uns.de\/blog\/index.php?rest_route=%2Fwp%2Fv2%2Fcategories&post=1516"},{"taxonomy":"post_tag","embeddable":true,"href":"https:\/\/gott-ist-mit-uns.de\/blog\/index.php?rest_route=%2Fwp%2Fv2%2Ftags&post=1516"}],"curies":[{"name":"wp","href":"https:\/\/api.w.org\/{rel}","templated":true}]}}