{"id":1189,"date":"2014-07-12T05:00:35","date_gmt":"2014-07-12T05:00:35","guid":{"rendered":"http:\/\/gott-ist-mit-uns.de\/blog\/?p=1189"},"modified":"2014-07-11T19:38:37","modified_gmt":"2014-07-11T19:38:37","slug":"rosenkranzweg-in-vreden-2","status":"publish","type":"post","link":"https:\/\/gott-ist-mit-uns.de\/blog\/?p=1189","title":{"rendered":"ROSENKRANZWEG in Vreden!"},"content":{"rendered":"<p><a href=\"https:\/\/gott-ist-mit-uns.de\/blog\/wp-content\/uploads\/2014\/07\/IMG_0126-2.jpg\"><img loading=\"lazy\" decoding=\"async\" class=\"aligncenter wp-image-1190 size-medium\" src=\"https:\/\/gott-ist-mit-uns.de\/blog\/wp-content\/uploads\/2014\/07\/IMG_0126-2-225x300.jpg\" alt=\"IMG_0126 (2)\" width=\"225\" height=\"300\" srcset=\"https:\/\/gott-ist-mit-uns.de\/blog\/wp-content\/uploads\/2014\/07\/IMG_0126-2-225x300.jpg 225w, https:\/\/gott-ist-mit-uns.de\/blog\/wp-content\/uploads\/2014\/07\/IMG_0126-2.jpg 360w\" sizes=\"auto, (max-width: 225px) 100vw, 225px\" \/><\/a><\/p>\n<p style=\"text-align: center;\"><span style=\"color: #ffcc00;\"><strong>Der glorreiche Rosenkranz!<\/strong><\/span><\/p>\n<p style=\"text-align: center;\"><span style=\"color: #ffcc00;\"><strong>2. Ges\u00e4tz!<\/strong><\/span><\/p>\n<p style=\"text-align: center;\"><span style=\"color: #ffcc00;\"><strong>Jesus, der in den Himmel aufgefahren ist!<\/strong><\/span><\/p>\n<p style=\"text-align: center;\"><a href=\"https:\/\/gott-ist-mit-uns.de\/blog\/wp-content\/uploads\/2014\/07\/IMG_0128-2.jpg\"><img loading=\"lazy\" decoding=\"async\" class=\"aligncenter wp-image-1191 size-medium\" src=\"https:\/\/gott-ist-mit-uns.de\/blog\/wp-content\/uploads\/2014\/07\/IMG_0128-2-225x300.jpg\" alt=\"IMG_0128 (2)\" width=\"225\" height=\"300\" srcset=\"https:\/\/gott-ist-mit-uns.de\/blog\/wp-content\/uploads\/2014\/07\/IMG_0128-2-225x300.jpg 225w, https:\/\/gott-ist-mit-uns.de\/blog\/wp-content\/uploads\/2014\/07\/IMG_0128-2.jpg 360w\" sizes=\"auto, (max-width: 225px) 100vw, 225px\" \/><\/a><\/p>\n<p style=\"text-align: center;\"><span style=\"color: #ffcc00;\"><strong>Er gab den Seinen den Auftrag, die Frohbotschaft Seiner Auferstehung und unserer Errettung, die Erl\u00f6sung zu verk\u00fcnden in aller Welt; alle Seelen zu taufen; ihnen das Heil zu bringen; alle Seelen zu lehren und das B\u00f6se zu bannen. So wirkt Jesus auch heute noch durch die Seinen, die tun, was ER sagt.<\/strong><\/span><br \/>\n<span style=\"color: #ffcc00;\"><strong> <a href=\"http:\/\/point.fjm-ritter.eu\"><span style=\"color: #ffcc00;\">(c)+(R)&#8217;2000-2013 FJM.jm<\/span><\/a><\/strong><\/span><\/p>\n<p><a href=\"https:\/\/gott-ist-mit-uns.de\/blog\/wp-content\/uploads\/2014\/07\/IMG_0127-2.jpg\"><img loading=\"lazy\" decoding=\"async\" class=\"aligncenter wp-image-1192 size-medium\" src=\"https:\/\/gott-ist-mit-uns.de\/blog\/wp-content\/uploads\/2014\/07\/IMG_0127-2-225x300.jpg\" alt=\"IMG_0127 (2)\" width=\"225\" height=\"300\" srcset=\"https:\/\/gott-ist-mit-uns.de\/blog\/wp-content\/uploads\/2014\/07\/IMG_0127-2-225x300.jpg 225w, https:\/\/gott-ist-mit-uns.de\/blog\/wp-content\/uploads\/2014\/07\/IMG_0127-2.jpg 360w\" sizes=\"auto, (max-width: 225px) 100vw, 225px\" \/><\/a><\/p>\n<p style=\"text-align: center;\"><span style=\"color: #ffcc00;\"><strong>Durch das Sakrament der Firmung haben wir den Auftrag, mutig Gott zu den Menschen zu bringen, ihnen von Jesus zu erz\u00e4hlen, unsere Glaubenssch\u00e4tze an die Menschen zu verteilen, Sein Wort, das Evangelium in der Welt zu verk\u00fcnden, ob gelegen oder ungelegen. Damit allen das Heil zu teil werden m\u00f6ge durch unseren Herrn und Heiland Jesus Christus!<\/strong><\/span><\/p>\n","protected":false},"excerpt":{"rendered":"<p>Der glorreiche Rosenkranz! 2. Ges\u00e4tz! Jesus, der in den Himmel aufgefahren ist! Er gab den Seinen den Auftrag, die Frohbotschaft Seiner Auferstehung und unserer Errettung, die Erl\u00f6sung zu verk\u00fcnden in aller Welt; alle Seelen zu taufen; ihnen das Heil zu bringen; alle Seelen zu lehren und das B\u00f6se zu bannen. So wirkt Jesus auch heute [&hellip;]<\/p>\n","protected":false},"author":2,"featured_media":0,"comment_status":"open","ping_status":"closed","sticky":false,"template":"","format":"standard","meta":{"footnotes":""},"categories":[1],"tags":[],"class_list":["post-1189","post","type-post","status-publish","format-standard","hentry","category-uncategorized"],"_links":{"self":[{"href":"https:\/\/gott-ist-mit-uns.de\/blog\/index.php?rest_route=\/wp\/v2\/posts\/1189","targetHints":{"allow":["GET"]}}],"collection":[{"href":"https:\/\/gott-ist-mit-uns.de\/blog\/index.php?rest_route=\/wp\/v2\/posts"}],"about":[{"href":"https:\/\/gott-ist-mit-uns.de\/blog\/index.php?rest_route=\/wp\/v2\/types\/post"}],"author":[{"embeddable":true,"href":"https:\/\/gott-ist-mit-uns.de\/blog\/index.php?rest_route=\/wp\/v2\/users\/2"}],"replies":[{"embeddable":true,"href":"https:\/\/gott-ist-mit-uns.de\/blog\/index.php?rest_route=%2Fwp%2Fv2%2Fcomments&post=1189"}],"version-history":[{"count":1,"href":"https:\/\/gott-ist-mit-uns.de\/blog\/index.php?rest_route=\/wp\/v2\/posts\/1189\/revisions"}],"predecessor-version":[{"id":1193,"href":"https:\/\/gott-ist-mit-uns.de\/blog\/index.php?rest_route=\/wp\/v2\/posts\/1189\/revisions\/1193"}],"wp:attachment":[{"href":"https:\/\/gott-ist-mit-uns.de\/blog\/index.php?rest_route=%2Fwp%2Fv2%2Fmedia&parent=1189"}],"wp:term":[{"taxonomy":"category","embeddable":true,"href":"https:\/\/gott-ist-mit-uns.de\/blog\/index.php?rest_route=%2Fwp%2Fv2%2Fcategories&post=1189"},{"taxonomy":"post_tag","embeddable":true,"href":"https:\/\/gott-ist-mit-uns.de\/blog\/index.php?rest_route=%2Fwp%2Fv2%2Ftags&post=1189"}],"curies":[{"name":"wp","href":"https:\/\/api.w.org\/{rel}","templated":true}]}}