{"id":1178,"date":"2014-07-11T10:17:07","date_gmt":"2014-07-11T10:17:07","guid":{"rendered":"http:\/\/gott-ist-mit-uns.de\/blog\/?p=1178"},"modified":"2014-07-11T20:38:56","modified_gmt":"2014-07-11T20:38:56","slug":"rosenkranzweg-in-vreden","status":"publish","type":"post","link":"https:\/\/gott-ist-mit-uns.de\/blog\/?p=1178","title":{"rendered":"ROSENKRANZWEG in Vreden!"},"content":{"rendered":"<p><a href=\"https:\/\/gott-ist-mit-uns.de\/blog\/wp-content\/uploads\/2014\/07\/IMG_0138-2.jpg\"><img loading=\"lazy\" decoding=\"async\" class=\"aligncenter wp-image-1179 size-medium\" src=\"https:\/\/gott-ist-mit-uns.de\/blog\/wp-content\/uploads\/2014\/07\/IMG_0138-2-225x300.jpg\" alt=\"IMG_0138 (2)\" width=\"225\" height=\"300\" srcset=\"https:\/\/gott-ist-mit-uns.de\/blog\/wp-content\/uploads\/2014\/07\/IMG_0138-2-225x300.jpg 225w, https:\/\/gott-ist-mit-uns.de\/blog\/wp-content\/uploads\/2014\/07\/IMG_0138-2.jpg 360w\" sizes=\"auto, (max-width: 225px) 100vw, 225px\" \/><\/a><\/p>\n<p style=\"text-align: center;\"><span style=\"color: #ffcc00;\"><strong>Der glorreiche Rosenkranz!<\/strong><\/span><\/p>\n<p style=\"text-align: center;\"><span style=\"color: #ffcc00;\"><strong>1.Ges\u00e4tz!<\/strong><\/span><\/p>\n<p style=\"text-align: center;\"><span style=\"color: #ffcc00;\"><strong>Jesus, der von den Toten auferstanden ist.<\/strong><\/span><\/p>\n<p style=\"text-align: left;\"><a href=\"https:\/\/gott-ist-mit-uns.de\/blog\/wp-content\/uploads\/2014\/07\/IMG_0125-3.jpg\"><img loading=\"lazy\" decoding=\"async\" class=\"aligncenter wp-image-1212 size-medium\" src=\"https:\/\/gott-ist-mit-uns.de\/blog\/wp-content\/uploads\/2014\/07\/IMG_0125-3-225x300.jpg\" alt=\"IMG_0125 (3)\" width=\"225\" height=\"300\" srcset=\"https:\/\/gott-ist-mit-uns.de\/blog\/wp-content\/uploads\/2014\/07\/IMG_0125-3-225x300.jpg 225w, https:\/\/gott-ist-mit-uns.de\/blog\/wp-content\/uploads\/2014\/07\/IMG_0125-3.jpg 450w\" sizes=\"auto, (max-width: 225px) 100vw, 225px\" \/><\/a><\/p>\n<p style=\"text-align: center;\"><span style=\"color: #ffcc00;\">N<strong>ach dem Leiden, und dem scheinbaren AUS des neuen Weges; dem scheinbaren Triumph des B\u00f6sen; bricht Gott die Macht des Todes. Und alle, die IHN erkannten, nahm er mit aus der Finsternis heraus. ER erstand glorreich, und ALLES B\u00f6se und der Tod waren besiegt. Jesus lebt. Er stirbt nicht mehr!<\/strong><\/span><br \/>\n<span style=\"color: #ffcc00;\"> <strong> <a href=\"http:\/\/point.fjm-ritter.eu\"><span style=\"color: #ffcc00;\">(c)+(R)&#8217;2000-2013 FJM.jm<\/span><\/a><\/strong><\/span><\/p>\n<p style=\"text-align: center;\"><a href=\"https:\/\/gott-ist-mit-uns.de\/blog\/wp-content\/uploads\/2014\/07\/IMG_0123-2.jpg\"><img loading=\"lazy\" decoding=\"async\" class=\"aligncenter wp-image-1181 size-medium\" src=\"https:\/\/gott-ist-mit-uns.de\/blog\/wp-content\/uploads\/2014\/07\/IMG_0123-2-225x300.jpg\" alt=\"IMG_0123 (2)\" width=\"225\" height=\"300\" srcset=\"https:\/\/gott-ist-mit-uns.de\/blog\/wp-content\/uploads\/2014\/07\/IMG_0123-2-225x300.jpg 225w, https:\/\/gott-ist-mit-uns.de\/blog\/wp-content\/uploads\/2014\/07\/IMG_0123-2.jpg 360w\" sizes=\"auto, (max-width: 225px) 100vw, 225px\" \/><\/a><span style=\"color: #ffcc00;\"><strong>Jesus lebt in unserem Inneren weiter, Er ist gegenw\u00e4rtig in unserem Herzen. Halleluja Jesus lebt! Durch die t\u00e4gliche hl. Kommunion ist Seine N\u00e4he immer sp\u00fcrbar. Danke Jesus, dass Du Dich uns zur Speise gibst, damit wir das Leben haben. Durch Deinen Tod am Kreuz hast Du uns aus der Finsternis befreit und den Himmel ge\u00f6ffnet.<\/strong><\/span><\/p>\n<p style=\"text-align: center;\"><a href=\"https:\/\/gott-ist-mit-uns.de\/blog\/wp-content\/uploads\/2014\/07\/IMG_0124-2.jpg\"><img loading=\"lazy\" decoding=\"async\" class=\"aligncenter wp-image-1184 size-medium\" src=\"https:\/\/gott-ist-mit-uns.de\/blog\/wp-content\/uploads\/2014\/07\/IMG_0124-2-225x300.jpg\" alt=\"IMG_0124 (2)\" width=\"225\" height=\"300\" srcset=\"https:\/\/gott-ist-mit-uns.de\/blog\/wp-content\/uploads\/2014\/07\/IMG_0124-2-225x300.jpg 225w, https:\/\/gott-ist-mit-uns.de\/blog\/wp-content\/uploads\/2014\/07\/IMG_0124-2.jpg 360w\" sizes=\"auto, (max-width: 225px) 100vw, 225px\" \/><\/a><span style=\"color: #ffcc00;\"><strong>Halleluja, Jesus Du bist auferstanden!<br \/>\nEs ist Zeit f\u00fcr uns, aus dem Grab der Finsternis<br \/>\naufzustehen und Jesus auf dem Weg des Lichtes zu folgen!<\/strong><\/span><\/p>\n","protected":false},"excerpt":{"rendered":"<p>Der glorreiche Rosenkranz! 1.Ges\u00e4tz! Jesus, der von den Toten auferstanden ist. Nach dem Leiden, und dem scheinbaren AUS des neuen Weges; dem scheinbaren Triumph des B\u00f6sen; bricht Gott die Macht des Todes. Und alle, die IHN erkannten, nahm er mit aus der Finsternis heraus. ER erstand glorreich, und ALLES B\u00f6se und der Tod waren besiegt. [&hellip;]<\/p>\n","protected":false},"author":2,"featured_media":0,"comment_status":"open","ping_status":"closed","sticky":false,"template":"","format":"standard","meta":{"footnotes":""},"categories":[1],"tags":[],"class_list":["post-1178","post","type-post","status-publish","format-standard","hentry","category-uncategorized"],"_links":{"self":[{"href":"https:\/\/gott-ist-mit-uns.de\/blog\/index.php?rest_route=\/wp\/v2\/posts\/1178","targetHints":{"allow":["GET"]}}],"collection":[{"href":"https:\/\/gott-ist-mit-uns.de\/blog\/index.php?rest_route=\/wp\/v2\/posts"}],"about":[{"href":"https:\/\/gott-ist-mit-uns.de\/blog\/index.php?rest_route=\/wp\/v2\/types\/post"}],"author":[{"embeddable":true,"href":"https:\/\/gott-ist-mit-uns.de\/blog\/index.php?rest_route=\/wp\/v2\/users\/2"}],"replies":[{"embeddable":true,"href":"https:\/\/gott-ist-mit-uns.de\/blog\/index.php?rest_route=%2Fwp%2Fv2%2Fcomments&post=1178"}],"version-history":[{"count":7,"href":"https:\/\/gott-ist-mit-uns.de\/blog\/index.php?rest_route=\/wp\/v2\/posts\/1178\/revisions"}],"predecessor-version":[{"id":1214,"href":"https:\/\/gott-ist-mit-uns.de\/blog\/index.php?rest_route=\/wp\/v2\/posts\/1178\/revisions\/1214"}],"wp:attachment":[{"href":"https:\/\/gott-ist-mit-uns.de\/blog\/index.php?rest_route=%2Fwp%2Fv2%2Fmedia&parent=1178"}],"wp:term":[{"taxonomy":"category","embeddable":true,"href":"https:\/\/gott-ist-mit-uns.de\/blog\/index.php?rest_route=%2Fwp%2Fv2%2Fcategories&post=1178"},{"taxonomy":"post_tag","embeddable":true,"href":"https:\/\/gott-ist-mit-uns.de\/blog\/index.php?rest_route=%2Fwp%2Fv2%2Ftags&post=1178"}],"curies":[{"name":"wp","href":"https:\/\/api.w.org\/{rel}","templated":true}]}}