{"id":1021,"date":"2014-05-06T05:00:26","date_gmt":"2014-05-06T05:00:26","guid":{"rendered":"http:\/\/gott-ist-mit-uns.de\/blog\/?p=1021"},"modified":"2014-05-06T14:49:03","modified_gmt":"2014-05-06T14:49:03","slug":"lob-und-dank-und-preis-sei-dir-o-herr","status":"publish","type":"post","link":"https:\/\/gott-ist-mit-uns.de\/blog\/?p=1021","title":{"rendered":"Lob und Dank und Preis sei Dir o Herr!"},"content":{"rendered":"<p><a href=\"https:\/\/gott-ist-mit-uns.de\/blog\/wp-content\/uploads\/2014\/05\/10154566_761870200497911_31720292_n.jpg\"><img loading=\"lazy\" decoding=\"async\" class=\"alignleft size-medium wp-image-1022\" src=\"https:\/\/gott-ist-mit-uns.de\/blog\/wp-content\/uploads\/2014\/05\/10154566_761870200497911_31720292_n-300x121.jpg\" alt=\"10154566_761870200497911_31720292_n\" width=\"300\" height=\"121\" srcset=\"https:\/\/gott-ist-mit-uns.de\/blog\/wp-content\/uploads\/2014\/05\/10154566_761870200497911_31720292_n-300x121.jpg 300w, https:\/\/gott-ist-mit-uns.de\/blog\/wp-content\/uploads\/2014\/05\/10154566_761870200497911_31720292_n.jpg 950w\" sizes=\"auto, (max-width: 300px) 100vw, 300px\" \/><\/a> <span style=\"color: #00ccff;\"><strong>Danke Jesus, dass Du Menschen berufen hast, die uns aufr\u00fctteln.<\/strong><\/span><\/p>\n<p><span style=\"color: #00ccff;\"><strong>Wir sollen viel beten f\u00fcr jene, die uns zu Gott, zum Licht f\u00fchren\u00a0und das p\u00e4pstliche Lehramt in der Heiligen Schrift n\u00e4herbringen&#8230;&#8220;<\/strong><\/span><\/p>\n<p><span style=\"color: #00ccff;\"><strong> Wir w\u00fcrden ohne sie noch in der Finsternis wandeln, in diesen st\u00fcrmischen Zeiten. Wir erkennen, o Herr, dass Du uns durch sie aus vielen Gefahren befreit hast, in die wir uns oft unwissend selbst gest\u00fcrzt haben. Wir glauben Herr, dass Du uns befreien wirst, denn wir wollen was Du willst, und was Dir gef\u00e4llt, damit wir uns auf ewig an Dir erfreuen d\u00fcrfen.<br \/>\n<span style=\"color: #3366ff;\"><a title=\"Tourplan!\" href=\"http:\/\/fjm-ritter.de\/Aktuell\/?page_id=96http:\/\/\"><span style=\"color: #3366ff;\">Tourplan!!!<\/span><\/a><\/span><br \/>\n<\/strong><\/span><\/p>\n<p><span style=\"color: #00ccff;\"><strong>Mein Herr und mein Gott, mein Gott und mein alles!<\/strong><\/span><\/p>\n<p style=\"text-align: center;\">\n","protected":false},"excerpt":{"rendered":"<p>Danke Jesus, dass Du Menschen berufen hast, die uns aufr\u00fctteln. Wir sollen viel beten f\u00fcr jene, die uns zu Gott, zum Licht f\u00fchren\u00a0und das p\u00e4pstliche Lehramt in der Heiligen Schrift n\u00e4herbringen&#8230;&#8220; Wir w\u00fcrden ohne sie noch in der Finsternis wandeln, in diesen st\u00fcrmischen Zeiten. Wir erkennen, o Herr, dass Du uns durch sie aus vielen [&hellip;]<\/p>\n","protected":false},"author":2,"featured_media":0,"comment_status":"open","ping_status":"closed","sticky":false,"template":"","format":"standard","meta":{"footnotes":""},"categories":[1],"tags":[],"class_list":["post-1021","post","type-post","status-publish","format-standard","hentry","category-uncategorized"],"_links":{"self":[{"href":"https:\/\/gott-ist-mit-uns.de\/blog\/index.php?rest_route=\/wp\/v2\/posts\/1021","targetHints":{"allow":["GET"]}}],"collection":[{"href":"https:\/\/gott-ist-mit-uns.de\/blog\/index.php?rest_route=\/wp\/v2\/posts"}],"about":[{"href":"https:\/\/gott-ist-mit-uns.de\/blog\/index.php?rest_route=\/wp\/v2\/types\/post"}],"author":[{"embeddable":true,"href":"https:\/\/gott-ist-mit-uns.de\/blog\/index.php?rest_route=\/wp\/v2\/users\/2"}],"replies":[{"embeddable":true,"href":"https:\/\/gott-ist-mit-uns.de\/blog\/index.php?rest_route=%2Fwp%2Fv2%2Fcomments&post=1021"}],"version-history":[{"count":7,"href":"https:\/\/gott-ist-mit-uns.de\/blog\/index.php?rest_route=\/wp\/v2\/posts\/1021\/revisions"}],"predecessor-version":[{"id":1033,"href":"https:\/\/gott-ist-mit-uns.de\/blog\/index.php?rest_route=\/wp\/v2\/posts\/1021\/revisions\/1033"}],"wp:attachment":[{"href":"https:\/\/gott-ist-mit-uns.de\/blog\/index.php?rest_route=%2Fwp%2Fv2%2Fmedia&parent=1021"}],"wp:term":[{"taxonomy":"category","embeddable":true,"href":"https:\/\/gott-ist-mit-uns.de\/blog\/index.php?rest_route=%2Fwp%2Fv2%2Fcategories&post=1021"},{"taxonomy":"post_tag","embeddable":true,"href":"https:\/\/gott-ist-mit-uns.de\/blog\/index.php?rest_route=%2Fwp%2Fv2%2Ftags&post=1021"}],"curies":[{"name":"wp","href":"https:\/\/api.w.org\/{rel}","templated":true}]}}